{"id":3898,"date":"2026-03-06T09:00:00","date_gmt":"2026-03-06T09:00:00","guid":{"rendered":"https:\/\/goldblackstyle.com\/?p=3898"},"modified":"2026-03-06T10:16:19","modified_gmt":"2026-03-06T10:16:19","slug":"milano-in-primavera-design-week-e-larte-del-vivere","status":"publish","type":"post","link":"https:\/\/www.goldblackstyle.com\/it\/milano-in-primavera-design-week-e-larte-del-vivere\/","title":{"rendered":"Milano in Primavera: Design Week e l&#8217;Arte del Vivere"},"content":{"rendered":"\n<p>C&#8217;\u00e8 un momento, verso la fine di marzo, in cui Milano si libera della sua grigia armatura invernale e diventa una citt\u00e0 completamente diversa. La luce cambia. I tavolini dei caff\u00e8 appaiono sui marciapiedi acciottolati che la settimana prima erano deserti. Il glicine inizia la sua lenta conquista dei muri nei cortili di <a href=\"https:\/\/pinacotecabrera.org\/\" target=\"_blank\" rel=\"noopener\">Brera<\/a>, e l&#8217;aria porta qualcosa che non ha nulla a che fare con la moda o la finanza \u2014 porta il profumo inconfondibile di una citt\u00e0 che si risveglia.<\/p>\n\n\n\n<p>La primavera a Milano non \u00e8 una transizione dolce. \u00c8 un evento. Le terrazze dei <a href=\"https:\/\/www.goldblackstyle.com\/it\/la-grazia-silenziosa-delle-notti-milanesi\/\">Navigli<\/a> si riempiono da un giorno all&#8217;altro. Gli studi di design spalancano le porte. I giardini botanici, chiusi dall&#8217;autunno, si rivelano di nuovo. Per chi conosce la citt\u00e0 solo attraverso i grigi dell&#8217;inverno o la folla estiva, questa \u00e8 la stagione che svela il vero carattere di Milano \u2014 sicuro, creativo e silenziosamente spettacolare.<\/p>\n\n\n\n<p>E poi, in aprile, accade qualcosa di straordinario: l&#8217;intero mondo del design converge sulla citt\u00e0 per un&#8217;unica settimana che ridefinisce il modo in cui pensiamo gli spazi che abitiamo. Questa \u00e8 Milano in primavera \u2014 e non esiste nulla di paragonabile.<\/p>\n\n\n\n<h2 class=\"wp-block-heading\">Salone del Mobile e Fuorisalone: Quando il Design Conquista la Citt\u00e0<\/h2>\n\n\n\n<p>La 64\u00aa edizione del <a href=\"https:\/\/www.salonemilano.it\/en\" target=\"_blank\" rel=\"noopener\">Salone del Mobile<\/a> si tiene dal 21 al 26 aprile 2026 presso Fiera Milano Rho. I numeri parlano da soli: oltre 1.900 espositori da 32 paesi, distribuiti su 169.000 metri quadrati di superficie espositiva. Si tratta della fiera dell&#8217;arredamento e del design pi\u00f9 influente al mondo, e la sua forza gravitazionale attrae architetti, collezionisti e direttori creativi da ogni continente.<\/p>\n\n\n\n<p>Ma la vera magia della Milano Design Week si compie fuori dai padiglioni fieristici. Il <a href=\"https:\/\/www.fuorisalone.it\/en\" target=\"_blank\" rel=\"noopener\">Fuorisalone<\/a> \u2014 la vasta, informale e capillare costellazione di eventi collaterali \u2014 trasforma Milano in una galleria a cielo aperto. Installazioni compaiono in cortili cinquecenteschi. Prototipi di illuminazione brillano all&#8217;interno di ex capannoni industriali. Suono e materia si fondono in esposizioni sensoriali che dissolvono ogni confine tra arte e commercio.<\/p>\n\n\n\n<p>Il tema del 2026, &#8220;Essere Progetto&#8221;, invita designer e brand a riconsiderare il significato stesso della creazione in un&#8217;epoca in cui il design \u00e8 simultaneamente umano e algoritmico, fisico e digitale, perennemente incompiuto. \u00c8 una provocazione vestita da filosofia, e animer\u00e0 ogni quartiere della citt\u00e0.<\/p>\n\n\n\n<p>Il <a href=\"https:\/\/www.breradesigndistrict.it\/en\/brera-design-week\/\" target=\"_blank\" rel=\"noopener\">Brera Design District<\/a> resta l&#8217;epicentro del lusso, con presentazioni raffinate in ambientazioni storiche che attraggono maison affermate e collezionisti esigenti. Ma l&#8217;energia creativa si irradia verso l&#8217;esterno \u2014 attraverso i loft industriali di Tortona, le gallerie sperimentali di Isola e i laboratori artigianali di 5VIE. Non \u00e8 una fiera commerciale. \u00c8 un momento culturale, e appartiene a chiunque sia disposto a percorrere la citt\u00e0 con occhi aperti.<\/p>\n\n\n\n<figure class=\"wp-block-image\"><img decoding=\"async\" width=\"1200\" height=\"899\" loading=\"lazy\" src=\"https:\/\/goldblackstyle.com\/wp-content\/uploads\/2026\/03\/milan-spring-design-week-1-2.jpg\" alt=\"Installazione del Fuorisalone nella Milano Design Week nel quartiere di Brera\" class=\"wp-image-3930\" srcset=\"https:\/\/goldblackstyle.com\/wp-content\/uploads\/2026\/03\/milan-spring-design-week-1-2.jpg 1200w, https:\/\/goldblackstyle.com\/wp-content\/uploads\/2026\/03\/milan-spring-design-week-1-2-300x225.jpg 300w, https:\/\/goldblackstyle.com\/wp-content\/uploads\/2026\/03\/milan-spring-design-week-1-2-1024x767.jpg 1024w, https:\/\/goldblackstyle.com\/wp-content\/uploads\/2026\/03\/milan-spring-design-week-1-2-768x575.jpg 768w, https:\/\/goldblackstyle.com\/wp-content\/uploads\/2026\/03\/milan-spring-design-week-1-2-600x450.jpg 600w, https:\/\/goldblackstyle.com\/wp-content\/uploads\/2026\/03\/milan-spring-design-week-1-2-800x600.jpg 800w\" sizes=\"auto, (max-width: 1200px) 100vw, 1200px\" \/><\/figure>\n\n\n\n<h2 class=\"wp-block-heading\">Brera in Fiore: Arte, Giardini e il Lato Silenzioso della Primavera<\/h2>\n\n\n\n<p>L&#8217;<a href=\"https:\/\/ortibotanici.unimi.it\/\" target=\"_blank\" rel=\"noopener\">Orto Botanico di Brera<\/a> riapre il 1\u00b0 aprile, e l&#8217;ingresso \u00e8 gratuito \u2014 un dettaglio che suona quasi sovversivo in una citt\u00e0 dove il lusso ha quasi sempre un prezzo. Nascosto dietro la Pinacoteca, questo piccolo giardino botanico \u00e8 uno degli spazi pi\u00f9 sereni di Milano. In primavera, il celebre glicine ricade dai pergolati in ferro in sfumature di viola pallido, e l&#8217;aria si riempie di una dolcezza che vi ferma a met\u00e0 passo.<\/p>\n\n\n\n<p>A pochi passi, la <a href=\"https:\/\/pinacotecabrera.org\/\" target=\"_blank\" rel=\"noopener\">Pinacoteca di Brera<\/a> offre la sua collezione di Mantegna, Raffaello e Caravaggio in una calma priva di folla che i visitatori estivi non sperimentano mai. Mentre <a href=\"https:\/\/www.goldblackstyle.com\/art-comes-indoors-the-season-of-culture\/\">l&#8217;inverno avvolge le gallerie milanesi in una quieta contemplazione<\/a>, la primavera trascina l&#8217;arte all&#8217;aperto \u2014 nei murales di Via Fiori Chiari, nelle gallerie indipendenti lungo Via Madonnina e negli studi aperti che compaiono senza preavviso nelle settimane che precedono la Design Week.<\/p>\n\n\n\n<p>Brera in primavera premia chi cammina lentamente. Girate un angolo e trovate una mostra in un cortile. Sedetevi in un piccolo bar di Via Solferino e osservate il mosaico del quartiere \u2014 pittori, architetti e locals impeccabilmente vestiti \u2014 sistemarsi nella luce lunga di una sera d&#8217;aprile. Questa \u00e8 la Milano che non compare negli itinerari \u2014 ed \u00e8 quella che ricorderete.<\/p>\n\n\n\n<h2 class=\"wp-block-heading\">La Stagione dei Rooftop: Il Rinascimento dell&#8217;Aperitivo Milanese<\/h2>\n\n\n\n<p>Quando l&#8217;ora legale sposta le lancette in avanti e le serate si allungano oltre le otto, Milano solleva la sua vita sociale verso il cielo. La stagione dei rooftop non \u00e8 semplicemente una preferenza estetica \u2014 \u00e8 un rituale collettivo, e la primavera ne segna la riapertura annuale.<\/p>\n\n\n\n<p><a href=\"https:\/\/www.ceresio7.com\/\" target=\"_blank\" rel=\"noopener\">Ceresio 7<\/a>, in cima all&#8217;ex sede Enel degli anni Trenta, resta il punto di riferimento. Le sue due piscine in terrazza, il panorama a 360 gradi sullo skyline e l&#8217;American bar \u2014 classificato tra i cento migliori al mondo \u2014 creano l&#8217;ambientazione in cui un aperitivo al tramonto diventa un evento a s\u00e9. Al <a href=\"https:\/\/www.melia.com\/en\/hotels\/italy\/milan\/me-milan-il-duca\" target=\"_blank\" rel=\"noopener\">Radio Rooftop del ME Milan Il Duca<\/a>, la terrazza al decimo piano offre viste ininterrotte sui tetti della citt\u00e0, dalle guglie del Duomo alle torri di Porta Nuova. E <a href=\"https:\/\/www.terrazzaaperol.com\/\" target=\"_blank\" rel=\"noopener\">Terrazza Aperol<\/a>, affacciata direttamente su Piazza Duomo, regala il punto panoramico pi\u00f9 iconico della citt\u00e0 \u2014 uno Spritz arancione vivido in mano, la cattedrale cos\u00ec vicina da poterne contare le statue.<\/p>\n\n\n\n<p>Ma il pi\u00f9 autentico aperitivo di Milano non si trova dieci piani pi\u00f9 in alto. Si trova lungo i <a href=\"https:\/\/www.goldblackstyle.com\/the-quiet-luxury-of-milan-nights\/\">Navigli al tramonto<\/a>, dove l&#8217;acqua diventa d&#8217;oro e i tavolini invadono l&#8217;alzaia, e la conversazione si fonde nel rumore gentile di una citt\u00e0 che assapora la fine della giornata. E per chi sa dove cercare, c&#8217;\u00e8 il <a href=\"https:\/\/www.barbasso.com\/\" target=\"_blank\" rel=\"noopener\">Bar Basso<\/a> \u2014 l&#8217;istituzione senza pretese di Porta Venezia dove \u00e8 nato il Negroni Sbagliato, servito in bicchieri oversize che non sono cambiati dagli anni Sessanta. Questo non \u00e8 semplicemente bere. \u00c8 la pi\u00f9 antica forma di architettura sociale della citt\u00e0.<\/p>\n\n\n\n<figure class=\"wp-block-image size-large\"><img decoding=\"async\" width=\"683\" height=\"1024\" loading=\"lazy\" src=\"https:\/\/goldblackstyle.com\/wp-content\/uploads\/2026\/03\/gljr7o5ft5k-683x1024.jpg\" alt=\"a person sitting in front of a glass filled with liquid\" class=\"wp-image-3925\" srcset=\"https:\/\/goldblackstyle.com\/wp-content\/uploads\/2026\/03\/gljr7o5ft5k-683x1024.jpg 683w, https:\/\/goldblackstyle.com\/wp-content\/uploads\/2026\/03\/gljr7o5ft5k-200x300.jpg 200w, https:\/\/goldblackstyle.com\/wp-content\/uploads\/2026\/03\/gljr7o5ft5k-768x1152.jpg 768w, https:\/\/goldblackstyle.com\/wp-content\/uploads\/2026\/03\/gljr7o5ft5k-600x900.jpg 600w, https:\/\/goldblackstyle.com\/wp-content\/uploads\/2026\/03\/gljr7o5ft5k.jpg 800w\" sizes=\"auto, (max-width: 683px) 100vw, 683px\" \/><\/figure>\n\n\n\n<h2 class=\"wp-block-heading\">Parchi, Ciliegi in Fiore e la Milano pi\u00f9 Verde<\/h2>\n\n\n\n<p>Parco Sempione, il grande polmone verde dietro il <a href=\"https:\/\/www.castellosforzesco.it\/en\/\" target=\"_blank\" rel=\"noopener\">Castello Sforzesco<\/a>, si risveglia lentamente a marzo \u2014 prima i corridori, poi le famiglie, poi i lettori e i sognatori che reclamano le panchine sotto i platani. Ad aprile i prati sono fitti di fiori selvatici, e l&#8217;Arco della Pace incornicia un cielo che finalmente ricorda cos&#8217;\u00e8 l&#8217;azzurro.<\/p>\n\n\n\n<p>Ma lo spettacolo primaverile pi\u00f9 straordinario di Milano appartiene alla Collina dei Ciliegi a Bicocca \u2014 una collina artificiale piantata con quasi un migliaio di ciliegi che esplodono in fiore tra la fine di marzo e met\u00e0 aprile. Costruito sul sito delle ex fabbriche Pirelli lungo Viale Sarca, questo parco di 30.000 metri quadrati offre la risposta milanese all&#8217;<em>hanami<\/em> giapponese, un&#8217;esplosione fugace di rosa e bianco che dura appena due settimane e richiama l&#8217;intero quartiere all&#8217;aperto.<\/p>\n\n\n\n<p>I Giardini Pubblici Indro Montanelli, il pi\u00f9 antico giardino pubblico di Milano, si riempiono di magnolie e azalee. Il Bosco Verticale \u2014 il celebre progetto di foresta verticale di Stefano Boeri \u2014 assume un carattere completamente nuovo quando lo si osserva dal basso nel pieno rigoglio primaverile, con i suoi 800 alberi e 15.000 piante che creano una chioma cangiante al passaggio di ogni nuvola. E a fine maggio, l&#8217;annuale iniziativa Cortili Aperti spalanca le porte di residenze private in stile Liberty e palazzi rinascimentali, svelando cortili nascosti, logge affrescate e giardini che la maggior parte dei milanesi non ha mai visto.<\/p>\n\n\n\n<figure class=\"wp-block-image\"><img decoding=\"async\" width=\"1200\" height=\"800\" loading=\"lazy\" src=\"https:\/\/goldblackstyle.com\/wp-content\/uploads\/2026\/03\/milan-spring-parco-sempione-1-2.jpg\" alt=\"Ciliegi in fiore alla Collina dei Ciliegi a Milano Bicocca\" class=\"wp-image-3929\" srcset=\"https:\/\/goldblackstyle.com\/wp-content\/uploads\/2026\/03\/milan-spring-parco-sempione-1-2.jpg 1200w, https:\/\/goldblackstyle.com\/wp-content\/uploads\/2026\/03\/milan-spring-parco-sempione-1-2-300x200.jpg 300w, https:\/\/goldblackstyle.com\/wp-content\/uploads\/2026\/03\/milan-spring-parco-sempione-1-2-1024x683.jpg 1024w, https:\/\/goldblackstyle.com\/wp-content\/uploads\/2026\/03\/milan-spring-parco-sempione-1-2-768x512.jpg 768w, https:\/\/goldblackstyle.com\/wp-content\/uploads\/2026\/03\/milan-spring-parco-sempione-1-2-600x400.jpg 600w\" sizes=\"auto, (max-width: 1200px) 100vw, 1200px\" \/><\/figure>\n\n\n\n<h2 class=\"wp-block-heading\">La Primavera nel Piatto: Milano Stagionale<\/h2>\n\n\n\n<p>Le cucine di Milano cambiano con la luce. Quando arrivano i primi asparagi dal Veneto, quando i piselli freschi compaiono sui banchi del mercato, quando le fragole dalla Basilicata iniziano a sostituire gli ultimi agrumi invernali \u2014 l&#8217;intero menu della citt\u00e0 si trasforma. Il risotto alla milanese cede il passo al risotto con punte di asparagi e scorza di limone. L&#8217;ossobuco lascia il tavolo a preparazioni pi\u00f9 leggere di vitello con erbe primaverili. Il cibo diventa la stagione.<\/p>\n\n\n\n<p>Il <a href=\"https:\/\/www.mercatometropolitano.com\/\" target=\"_blank\" rel=\"noopener\">Mercato Metropolitano<\/a>, il vasto food hall sostenibile di Milano vicino a Porta Genova, \u00e8 il luogo dove assaporare questa transizione \u2014 un mercato curato di piccoli produttori, venditori biologici e cucine artigianali che incarna il rapporto in evoluzione della citt\u00e0 con il cibo. Per un&#8217;esplorazione pi\u00f9 approfondita, il nostro <a href=\"https:\/\/www.goldblackstyle.com\/tour\/milan-in-food\/\">tour gastronomico dei mercati e dell&#8217;aperitivo milanese<\/a> ripercorre l&#8217;identit\u00e0 culinaria della citt\u00e0 attraverso i suoi quartieri pi\u00f9 autentici.<\/p>\n\n\n\n<p>Per la tavola primaverile per eccellenza, c&#8217;\u00e8 <a href=\"https:\/\/www.mandarinoriental.com\/en\/milan\/la-scala\/dine\/seta\" target=\"_blank\" rel=\"noopener\">Seta al Mandarin Oriental<\/a>, dove lo chef Antonio Guida detiene due stelle Michelin e compone menu degustazione stagionali che trattano ogni ingrediente come una meditazione. I suoi menu primaverili attingono ai primi raccolti della Pianura Padana, e il risultato \u00e8 una cucina tecnicamente straordinaria e profondamente, silenziosamente italiana. Lungo i Navigli, le terrazze dei ristoranti riaprono una dopo l&#8217;altra, e il semplice piacere di mangiare all&#8217;aperto \u2014 un piatto di burrata, un calice di <a href=\"https:\/\/www.goldblackstyle.com\/it\/oltre-le-alpi-gite-di-un-giorno-da-milano\/\">Franciacorta<\/a>, la luce del canale che sfuma \u2014 diventa di per s\u00e9 una forma di lusso.<\/p>\n\n\n\n<figure class=\"wp-block-image size-large\"><img decoding=\"async\" width=\"736\" height=\"1024\" loading=\"lazy\" src=\"https:\/\/goldblackstyle.com\/wp-content\/uploads\/2026\/03\/ph_szz4bmn8-736x1024.jpg\" alt=\"round white plate beside flowers\" class=\"wp-image-3926\" srcset=\"https:\/\/goldblackstyle.com\/wp-content\/uploads\/2026\/03\/ph_szz4bmn8-736x1024.jpg 736w, https:\/\/goldblackstyle.com\/wp-content\/uploads\/2026\/03\/ph_szz4bmn8-216x300.jpg 216w, https:\/\/goldblackstyle.com\/wp-content\/uploads\/2026\/03\/ph_szz4bmn8-768x1069.jpg 768w, https:\/\/goldblackstyle.com\/wp-content\/uploads\/2026\/03\/ph_szz4bmn8-600x835.jpg 600w, https:\/\/goldblackstyle.com\/wp-content\/uploads\/2026\/03\/ph_szz4bmn8.jpg 862w\" sizes=\"auto, (max-width: 736px) 100vw, 736px\" \/><\/figure>\n\n\n\n<h2 class=\"wp-block-heading\">La Vostra Primavera Privata a Milano<\/h2>\n\n\n\n<p>La primavera \u00e8 la stagione che premia un approccio pi\u00f9 lento e intenzionale a Milano. La folla estiva non \u00e8 ancora arrivata. Il calendario culturale \u00e8 al suo apice. La citt\u00e0 \u00e8 fisicamente bella in un modo che l&#8217;inverno nasconde e l&#8217;estate travolge. Questa \u00e8 la finestra ideale per un&#8217;<a href=\"https:\/\/www.goldblackstyle.com\/milan-private-tours-the-ultimate-guide-to-exclusive-experiences-in-milan\/\">esperienza privata a Milano<\/a> \u2014 costruita attorno ai vostri interessi, ai vostri ritmi e a quell&#8217;accesso esclusivo che trasforma una visita in qualcosa di personale.<\/p>\n\n\n\n<p>Milano stessa sta cambiando. Le infrastrutture realizzate per le <a href=\"https:\/\/www.goldblackstyle.com\/countdown-to-2026-the-city-in-motion\/\">Olimpiadi Invernali Milano Cortina 2026<\/a> hanno ridisegnato interi quartieri, aggiungendo nuovi spazi pubblici, collegamenti di trasporto e luoghi culturali che rendono la citt\u00e0 pi\u00f9 percorribile e pi\u00f9 sorprendente che mai. Per chi coglie la coda della stagione della moda a inizio primavera, l&#8217;energia della <a href=\"https:\/\/www.goldblackstyle.com\/milano-fashion-week-2026-the-ultimate-luxury-guide-to-milans-most-exclusive-week\/\">Milano Fashion Week<\/a> si percepisce ancora negli atelier e nelle showroom del Quadrilatero della Moda.<\/p>\n\n\n\n<p>Che veniate per il design, per i giardini, per i rooftop o semplicemente per la luce, la primavera a Milano offre qualcosa che nessun&#8217;altra stagione pu\u00f2 dare: una citt\u00e0 pienamente sveglia, pienamente viva e pronta a essere scoperta alle vostre condizioni.<\/p>\n\n\n\n<h2 class=\"wp-block-heading\">FAQ \u2014 Milano in Primavera<\/h2>\n\n\n\n<p><strong>La primavera \u00e8 un buon periodo per visitare Milano?<\/strong><br>La primavera \u00e8 probabilmente il periodo migliore per visitare Milano. Il clima \u00e8 mite \u2014 le temperature diurne oscillano tipicamente tra i 15 e i 22 gradi \u2014 e il calendario culturale della citt\u00e0 raggiunge il suo apice con il Salone del Mobile, il Fuorisalone e Cortili Aperti. La disponibilit\u00e0 degli hotel \u00e8 migliore rispetto alla Fashion Week, e gli spazi all&#8217;aperto dai rooftop bar ai giardini botanici sono al loro meglio.<\/p>\n\n\n\n<p><strong>Quando si tiene il Salone del Mobile 2026?<\/strong><br>La 64\u00aa edizione del <a href=\"https:\/\/www.salonemilano.it\/en\" target=\"_blank\" rel=\"noopener\">Salone del Mobile<\/a> si svolge dal 21 al 26 aprile 2026 presso Fiera Milano Rho. I giorni riservati ai professionisti vanno da marted\u00ec a gioved\u00ec, con apertura al pubblico generale da venerd\u00ec a domenica. I biglietti per il pubblico partono da circa 38 euro.<\/p>\n\n\n\n<p><strong>Cos&#8217;\u00e8 il Fuorisalone?<\/strong><br>Il <a href=\"https:\/\/www.fuorisalone.it\/en\" target=\"_blank\" rel=\"noopener\">Fuorisalone<\/a> \u00e8 il programma non ufficiale di eventi, mostre e installazioni di design che si svolge in tutta Milano durante la settimana del Salone del Mobile. A differenza della fiera a Rho, la maggior parte degli eventi del Fuorisalone \u00e8 gratuita e aperta al pubblico, distribuita in quartieri come Brera, Tortona, Isola e 5VIE. Nel 2026, il tema \u00e8 &#8220;Essere Progetto&#8221;.<\/p>\n\n\n\n<p><strong>Come vestirsi a Milano in primavera?<\/strong><br>Milano \u00e8 una capitale della moda, e i milanesi si vestono con eleganza curata anche nelle uscite pi\u00f9 casual. In primavera il tempo \u00e8 variabile \u2014 vestirsi a strati \u00e8 fondamentale. Una giacca sartoriale o un trench, scarpe comode dalle linee pulite e una sciarpa leggera per le serate pi\u00f9 fresche vi serviranno bene. Durante la Design Week, l&#8217;estetica \u00e8 creativa e architettonica; nelle normali giornate primaverili, lo smart-casual \u00e8 lo standard.<\/p>\n\n\n\n<p><strong>Quali sono i migliori rooftop bar di Milano?<\/strong><br><a href=\"https:\/\/www.ceresio7.com\/\" target=\"_blank\" rel=\"noopener\">Ceresio 7<\/a> offre l&#8217;esperienza rooftop pi\u00f9 completa con piscine e vista panoramica. Il <a href=\"https:\/\/www.melia.com\/en\/hotels\/italy\/milan\/me-milan-il-duca\" target=\"_blank\" rel=\"noopener\">Radio Rooftop del ME Milan Il Duca<\/a> propone una raffinata terrazza al decimo piano. <a href=\"https:\/\/www.terrazzaaperol.com\/\" target=\"_blank\" rel=\"noopener\">Terrazza Aperol<\/a> si affaccia su Piazza Duomo ed \u00e8 ideale per uno Spritz classico con vista. Per un&#8217;esperienza pi\u00f9 intima, il <a href=\"https:\/\/www.barbasso.com\/\" target=\"_blank\" rel=\"noopener\">Bar Basso<\/a> offre il leggendario Negroni Sbagliato a livello strada \u2014 dove la tradizione dell&#8217;aperitivo ha avuto inizio.<\/p>\n\n\n\n<p><strong>Quando riaprono i parchi e i giardini di Milano in primavera?<\/strong><br>L&#8217;<a href=\"https:\/\/ortibotanici.unimi.it\/\" target=\"_blank\" rel=\"noopener\">Orto Botanico di Brera<\/a> riapre solitamente il 1\u00b0 aprile con ingresso gratuito. I ciliegi della Collina dei Ciliegi a Bicocca raggiungono il picco della fioritura tra fine marzo e met\u00e0 aprile. Parco Sempione e i Giardini Indro Montanelli sono aperti tutto l&#8217;anno ma si animano con le fioriture primaverili da met\u00e0 marzo in poi. Cortili Aperti, l&#8217;annuale evento dei cortili aperti, si tiene solitamente una domenica di fine maggio.<\/p>\n\n\n\n<figure class=\"wp-block-image size-large\"><img decoding=\"async\" width=\"768\" height=\"1024\" loading=\"lazy\" src=\"https:\/\/goldblackstyle.com\/wp-content\/uploads\/2026\/03\/76cwuxlehae-768x1024.jpg\" alt=\"green plants and trees near brown concrete building during daytime\" class=\"wp-image-3927\" srcset=\"https:\/\/goldblackstyle.com\/wp-content\/uploads\/2026\/03\/76cwuxlehae-768x1024.jpg 768w, https:\/\/goldblackstyle.com\/wp-content\/uploads\/2026\/03\/76cwuxlehae-225x300.jpg 225w, https:\/\/goldblackstyle.com\/wp-content\/uploads\/2026\/03\/76cwuxlehae-600x800.jpg 600w, https:\/\/goldblackstyle.com\/wp-content\/uploads\/2026\/03\/76cwuxlehae.jpg 900w\" sizes=\"auto, (max-width: 768px) 100vw, 768px\" \/><\/figure>\n","protected":false},"excerpt":{"rendered":"<p>Milano in primavera si trasforma: Salone del Mobile, Fuorisalone, giardini in fiore e aperitivi sui rooftop. Guida completa alla citt\u00e0 del design nella stagione pi\u00f9 bella.<\/p>\n","protected":false},"author":1,"featured_media":3879,"comment_status":"closed","ping_status":"open","sticky":false,"template":"","format":"standard","meta":{"_acf_changed":false,"seo_h1":"Milano in Primavera: Design Week ed Esperienze di Lusso","footnotes":""},"categories":[58,66],"tags":[104],"class_list":["post-3898","post","type-post","status-publish","format-standard","has-post-thumbnail","hentry","category-milan","category-milano","tag-spring"],"acf":[],"_links":{"self":[{"href":"https:\/\/www.goldblackstyle.com\/it\/wp-json\/wp\/v2\/posts\/3898","targetHints":{"allow":["GET"]}}],"collection":[{"href":"https:\/\/www.goldblackstyle.com\/it\/wp-json\/wp\/v2\/posts"}],"about":[{"href":"https:\/\/www.goldblackstyle.com\/it\/wp-json\/wp\/v2\/types\/post"}],"author":[{"embeddable":true,"href":"https:\/\/www.goldblackstyle.com\/it\/wp-json\/wp\/v2\/users\/1"}],"replies":[{"embeddable":true,"href":"https:\/\/www.goldblackstyle.com\/it\/wp-json\/wp\/v2\/comments?post=3898"}],"version-history":[{"count":2,"href":"https:\/\/www.goldblackstyle.com\/it\/wp-json\/wp\/v2\/posts\/3898\/revisions"}],"predecessor-version":[{"id":4149,"href":"https:\/\/www.goldblackstyle.com\/it\/wp-json\/wp\/v2\/posts\/3898\/revisions\/4149"}],"wp:featuredmedia":[{"embeddable":true,"href":"https:\/\/www.goldblackstyle.com\/it\/wp-json\/wp\/v2\/media\/3879"}],"wp:attachment":[{"href":"https:\/\/www.goldblackstyle.com\/it\/wp-json\/wp\/v2\/media?parent=3898"}],"wp:term":[{"taxonomy":"category","embeddable":true,"href":"https:\/\/www.goldblackstyle.com\/it\/wp-json\/wp\/v2\/categories?post=3898"},{"taxonomy":"post_tag","embeddable":true,"href":"https:\/\/www.goldblackstyle.com\/it\/wp-json\/wp\/v2\/tags?post=3898"}],"curies":[{"name":"wp","href":"https:\/\/api.w.org\/{rel}","templated":true}]}}